{"id":1080,"date":"2022-03-31T13:55:22","date_gmt":"2022-03-31T13:55:22","guid":{"rendered":"http:\/\/texia.com\/?p=1080"},"modified":"2023-05-29T07:19:10","modified_gmt":"2023-05-29T07:19:10","slug":"le-secretaire-detat-a-lemploi-et-a-la-competitivite-albert-castellanos-visite-le-site-de-texia","status":"publish","type":"post","link":"https:\/\/texia.com\/fr\/communiques-de-presse\/le-secretaire-detat-a-lemploi-et-a-la-competitivite-albert-castellanos-visite-le-site-de-texia\/","title":{"rendered":"Le secr\u00e9taire d&rsquo;\u00c9tat \u00e0 l&#8217;emploi et \u00e0 la comp\u00e9titivit\u00e9, Albert Castellanos, visite le site de TEXIA"},"content":{"rendered":"\n<p class=\"text-important\"><em>La visita institucional tamb\u00e9 ha comptat amb la pres\u00e8ncia de Maria Teresa Clotet, directora dels Serveis Territorials d&rsquo;Empresa i Treball i Laura Sobrevias, delegada d&rsquo;ACCI\u00d3 a la Catalunya Central<\/em><\/p>\n<p class=\"text-important\"><em>La comitiva ha conegut el pla estrat\u00e8gic de la companyia, la f\u00e0brica i els diferents projectes d&rsquo;innovaci\u00f3 en marxa<\/em><\/p>\n<p><strong>Monistrol de Montserrat, 31 de mar\u00e7<\/strong> \u2013 TEXIA, la companyia familiar catalana que est\u00e0 revolucionant la fabricaci\u00f3 de productes t\u00e8xtils d&rsquo;alta qualitat, ha rebut la visita durant el dia d&rsquo;avui d&rsquo;Albert Castellanos, secretari d&#8217;empresa i competitivitat; Maria Teresa Clotet, directora dels Serveis Territorials d&rsquo;Empresa i Treball i Laura Sobrevias, delegada d\u2019ACCI\u00d3 a la Catalunya Central.<\/p>\n<p>Durant la trobada, la delegaci\u00f3 ha conegut el pla estrat\u00e8gic de la companyia, que implica accelerar el proc\u00e9s d&rsquo;expansi\u00f3, invertir en les seves tecnologies pr\u00f2pies i refor\u00e7ar la seva aposta per la sostenibilitat. Texia tamb\u00e9 ha presentat la seva gamma de productes dins de les seves marques pr\u00f2pies MYDRAP, ROLLDRAP i Athos.<\/p>\n<p>M\u00e9s tard, la comitiva ha conegut la f\u00e0brica de TEXIA al detall, tant la part d&rsquo;acabats t\u00e8xtils (finishing) com els diferents projectes d&rsquo;innovaci\u00f3 que la companyia t\u00e9 en marxa. En aquest sentit, han pogut descobrir el funcionament de la tecnologia patentada seamless i del projecte d&rsquo;estampaci\u00f3 digital pigment\u00e0ria que TEXIA est\u00e0 desenvolupant en col\u00b7laboraci\u00f3 amb EPSON.<\/p>\n<p>El secretari d&rsquo;Empresa i Competitivitat ha agra\u00eft l&rsquo;oportunitat de con\u00e8ixer les instal\u00b7lacions de TEXIA i ha destacat que \u00ab\u00a0xxxx\u00a0\u00bb.<\/p>\n<h2>Texia i Manresa, una relaci\u00f3 de m\u00e9s de 40 anys<\/h2>\n<p>La relaci\u00f3 entre Texia i Manresa es remunta a 1980, quan l&#8217;empresa va decidir deixar enrere la f\u00e0brica d&rsquo;acabats de Poblenou per a instal\u00b7lar-se a Monistrol de Montserrat. L&rsquo;objectiu era tenir un espai on cr\u00e9ixer i, sobretot, desenvolupar nous acabats t\u00e8xtils.<\/p>\n<p>Des que Monistrol es va convertir en la nova casa de Texia, la companyia no ha parat de cr\u00e9ixer i augmentar l&rsquo;espai de la seva seu fins als 10.000 m\u00b2 que ocupa avui. Es compon de la f\u00e0brica, les oficines, els magatzems log\u00edstics i el showroom i, en total, ocupa a 85 persones.<\/p>\n<p>L&rsquo;especial vinculaci\u00f3 que la companyia t\u00e9 amb Manresa es tradueix, aix\u00ed mateix, en diferents projectes amb la regi\u00f3. Un clar exemple d&rsquo;ella \u00e9s la col\u00b7laboraci\u00f3 oberta que existeix amb l&rsquo;escola de formaci\u00f3 dual t\u00e8xtil Guillem Cat\u00e0.<\/p>\n<h2>Sobre TEXIA<\/h2>\n<p>TEXIA \u00e9s una companyia familiar espanyola creada el 1917 i que est\u00e0 revolucionant la fabricaci\u00f3 de productes t\u00e8xtils per al sector horeca premium i aerol\u00ednies gr\u00e0cies a la seva tecnologia patentada sense costures (Seamless), refor\u00e7ada amb la implantaci\u00f3 i el desenvolupament de l&rsquo;estampaci\u00f3 digital pigment\u00e0ria en col\u00b7laboraci\u00f3 amb Epson.<\/p>\n<p>TEXIA \u00e9s el referent mundial en la fabricaci\u00f3 de productes t\u00e8xtils de cot\u00f3 en rotllo i sense costures d&rsquo;alta qualitat gr\u00e0cies a les seves dues marques pr\u00f2pies: ROLL DRAP i MY DRAP. La companyia les va llan\u00e7ar en 1995 i 2010, respectivament, per a diferenciar-se dels productes t\u00e8xtils tradicionals. Avui s\u00f3n presents en els principals restaurants, hotels, l\u00ednies a\u00e8ries, creuers i servei d&rsquo;\u00e0pats de luxe del m\u00f3n. Una gamma de productes que s&rsquo;ha ampliat amb l&rsquo;adquisici\u00f3 d\u2019Athos, dedicada a la fabricaci\u00f3 d&rsquo;estovalles d&rsquo;alta qualitat i fets a mesura per a restaurants.<\/p>\n<p>Amb seu central a Monistrol de Montserrat (Barcelona) exporta el 80% de la seva producci\u00f3 a tothom, ocupa 90 persones i t\u00e9 una filial al Canad\u00e0 que distribueix els productes MY DRAP per tot Am\u00e8rica del Nord.<\/p>\n<p>La quarta generaci\u00f3, liderada per Marcos Guasch Pubill, s&rsquo;ha fixat el prop\u00f2sit de liderar la transformaci\u00f3 del sector t\u00e8xtil industrial cap a la sostenibilitat a trav\u00e9s de les tecnologies pr\u00f2pies (SeamlessTEX i DigitalTEX). Per a continuar optimitzant-les, Texia inverteix el 10% dels seus ingressos en projectes de R+D.<\/p>\n<p><strong>Contactes de premsa i comunicaci\u00f3:<\/strong><br \/>Interprofit<br \/>Ignacio Ad\u00e1n <br \/>ignacio.adan@interprofit.es<br \/>+34 618 63 95 91<\/p>\n<p>\u00a0<\/p>\n","protected":false},"excerpt":{"rendered":"<p>La visita institucional tamb\u00e9 ha comptat amb la pres\u00e8ncia de Maria Teresa Clotet, directora dels Serveis Territorials d&rsquo;Empresa i Treball i Laura Sobrevias, delegada d&rsquo;ACCI\u00d3 a la Catalunya Central La &hellip;<\/p>\n","protected":false},"author":1,"featured_media":1174,"comment_status":"open","ping_status":"open","sticky":false,"template":"","format":"standard","meta":{"_acf_changed":false,"footnotes":""},"categories":[22],"tags":[],"class_list":["post-1080","post","type-post","status-publish","format-standard","has-post-thumbnail","hentry","category-communiques-de-presse"],"acf":[],"yoast_head":"<!-- This site is optimized with the Yoast SEO plugin v27.4 - https:\/\/yoast.com\/product\/yoast-seo-wordpress\/ -->\n<title>Le secr\u00e9taire d&#039;\u00c9tat \u00e0 l&#039;emploi et \u00e0 la comp\u00e9titivit\u00e9, Albert Castellanos, visite le site de TEXIA - Texia<\/title>\n<meta name=\"description\" content=\"La visita institucional tamb\u00e9 ha comptat amb la pres\u00e8ncia de Maria Teresa Clotet, directora dels Serveis Territorials d&#039;Empresa i Treball i Laura\" \/>\n<meta name=\"robots\" content=\"index, follow, max-snippet:-1, max-image-preview:large, max-video-preview:-1\" \/>\n<link rel=\"canonical\" href=\"https:\/\/texia.com\/fr\/communiques-de-presse\/le-secretaire-detat-a-lemploi-et-a-la-competitivite-albert-castellanos-visite-le-site-de-texia\/\" \/>\n<meta property=\"og:locale\" content=\"fr_FR\" \/>\n<meta property=\"og:type\" content=\"article\" \/>\n<meta property=\"og:title\" content=\"Le secr\u00e9taire d&#039;\u00c9tat \u00e0 l&#039;emploi et \u00e0 la comp\u00e9titivit\u00e9, Albert Castellanos, visite le site de TEXIA - Texia\" \/>\n<meta property=\"og:description\" content=\"La visita institucional tamb\u00e9 ha comptat amb la pres\u00e8ncia de Maria Teresa Clotet, directora dels Serveis Territorials d&#039;Empresa i Treball i Laura\" \/>\n<meta property=\"og:url\" content=\"https:\/\/texia.com\/fr\/communiques-de-presse\/le-secretaire-detat-a-lemploi-et-a-la-competitivite-albert-castellanos-visite-le-site-de-texia\/\" \/>\n<meta property=\"og:site_name\" content=\"Texia\" \/>\n<meta property=\"article:published_time\" content=\"2022-03-31T13:55:22+00:00\" \/>\n<meta property=\"article:modified_time\" content=\"2023-05-29T07:19:10+00:00\" \/>\n<meta property=\"og:image\" content=\"https:\/\/texia.com\/wp-content\/uploads\/Visita-albert-Castellanos.jpg\" \/>\n\t<meta property=\"og:image:width\" content=\"690\" \/>\n\t<meta property=\"og:image:height\" content=\"510\" \/>\n\t<meta property=\"og:image:type\" content=\"image\/jpeg\" \/>\n<meta name=\"author\" content=\"emfasi\" \/>\n<meta name=\"twitter:card\" content=\"summary_large_image\" \/>\n<meta name=\"twitter:label1\" content=\"\u00c9crit par\" \/>\n\t<meta name=\"twitter:data1\" content=\"emfasi\" \/>\n\t<meta name=\"twitter:label2\" content=\"Dur\u00e9e de lecture estim\u00e9e\" \/>\n\t<meta name=\"twitter:data2\" content=\"3 minutes\" \/>\n<script type=\"application\/ld+json\" class=\"yoast-schema-graph\">{\"@context\":\"https:\\\/\\\/schema.org\",\"@graph\":[{\"@type\":\"Article\",\"@id\":\"https:\\\/\\\/texia.com\\\/fr\\\/communiques-de-presse\\\/le-secretaire-detat-a-lemploi-et-a-la-competitivite-albert-castellanos-visite-le-site-de-texia\\\/#article\",\"isPartOf\":{\"@id\":\"https:\\\/\\\/texia.com\\\/fr\\\/communiques-de-presse\\\/le-secretaire-detat-a-lemploi-et-a-la-competitivite-albert-castellanos-visite-le-site-de-texia\\\/\"},\"author\":{\"name\":\"emfasi\",\"@id\":\"https:\\\/\\\/texia.com\\\/fr\\\/#\\\/schema\\\/person\\\/08210d0b4e76185f3f1333be4d00deb6\"},\"headline\":\"Le secr\u00e9taire d&rsquo;\u00c9tat \u00e0 l&#8217;emploi et \u00e0 la comp\u00e9titivit\u00e9, Albert Castellanos, visite le site de TEXIA\",\"datePublished\":\"2022-03-31T13:55:22+00:00\",\"dateModified\":\"2023-05-29T07:19:10+00:00\",\"mainEntityOfPage\":{\"@id\":\"https:\\\/\\\/texia.com\\\/fr\\\/communiques-de-presse\\\/le-secretaire-detat-a-lemploi-et-a-la-competitivite-albert-castellanos-visite-le-site-de-texia\\\/\"},\"wordCount\":694,\"commentCount\":0,\"publisher\":{\"@id\":\"https:\\\/\\\/texia.com\\\/fr\\\/#organization\"},\"image\":{\"@id\":\"https:\\\/\\\/texia.com\\\/fr\\\/communiques-de-presse\\\/le-secretaire-detat-a-lemploi-et-a-la-competitivite-albert-castellanos-visite-le-site-de-texia\\\/#primaryimage\"},\"thumbnailUrl\":\"https:\\\/\\\/texia.com\\\/wp-content\\\/uploads\\\/Visita-albert-Castellanos.jpg\",\"articleSection\":[\"Communiqu\u00e9s de presse\"],\"inLanguage\":\"fr-FR\",\"potentialAction\":[{\"@type\":\"CommentAction\",\"name\":\"Comment\",\"target\":[\"https:\\\/\\\/texia.com\\\/fr\\\/communiques-de-presse\\\/le-secretaire-detat-a-lemploi-et-a-la-competitivite-albert-castellanos-visite-le-site-de-texia\\\/#respond\"]}]},{\"@type\":\"WebPage\",\"@id\":\"https:\\\/\\\/texia.com\\\/fr\\\/communiques-de-presse\\\/le-secretaire-detat-a-lemploi-et-a-la-competitivite-albert-castellanos-visite-le-site-de-texia\\\/\",\"url\":\"https:\\\/\\\/texia.com\\\/fr\\\/communiques-de-presse\\\/le-secretaire-detat-a-lemploi-et-a-la-competitivite-albert-castellanos-visite-le-site-de-texia\\\/\",\"name\":\"Le secr\u00e9taire d'\u00c9tat \u00e0 l'emploi et \u00e0 la comp\u00e9titivit\u00e9, Albert Castellanos, visite le site de TEXIA - Texia\",\"isPartOf\":{\"@id\":\"https:\\\/\\\/texia.com\\\/fr\\\/#website\"},\"primaryImageOfPage\":{\"@id\":\"https:\\\/\\\/texia.com\\\/fr\\\/communiques-de-presse\\\/le-secretaire-detat-a-lemploi-et-a-la-competitivite-albert-castellanos-visite-le-site-de-texia\\\/#primaryimage\"},\"image\":{\"@id\":\"https:\\\/\\\/texia.com\\\/fr\\\/communiques-de-presse\\\/le-secretaire-detat-a-lemploi-et-a-la-competitivite-albert-castellanos-visite-le-site-de-texia\\\/#primaryimage\"},\"thumbnailUrl\":\"https:\\\/\\\/texia.com\\\/wp-content\\\/uploads\\\/Visita-albert-Castellanos.jpg\",\"datePublished\":\"2022-03-31T13:55:22+00:00\",\"dateModified\":\"2023-05-29T07:19:10+00:00\",\"description\":\"La visita institucional tamb\u00e9 ha comptat amb la pres\u00e8ncia de Maria Teresa Clotet, directora dels Serveis Territorials d'Empresa i Treball i Laura\",\"breadcrumb\":{\"@id\":\"https:\\\/\\\/texia.com\\\/fr\\\/communiques-de-presse\\\/le-secretaire-detat-a-lemploi-et-a-la-competitivite-albert-castellanos-visite-le-site-de-texia\\\/#breadcrumb\"},\"inLanguage\":\"fr-FR\",\"potentialAction\":[{\"@type\":\"ReadAction\",\"target\":[\"https:\\\/\\\/texia.com\\\/fr\\\/communiques-de-presse\\\/le-secretaire-detat-a-lemploi-et-a-la-competitivite-albert-castellanos-visite-le-site-de-texia\\\/\"]}]},{\"@type\":\"ImageObject\",\"inLanguage\":\"fr-FR\",\"@id\":\"https:\\\/\\\/texia.com\\\/fr\\\/communiques-de-presse\\\/le-secretaire-detat-a-lemploi-et-a-la-competitivite-albert-castellanos-visite-le-site-de-texia\\\/#primaryimage\",\"url\":\"https:\\\/\\\/texia.com\\\/wp-content\\\/uploads\\\/Visita-albert-Castellanos.jpg\",\"contentUrl\":\"https:\\\/\\\/texia.com\\\/wp-content\\\/uploads\\\/Visita-albert-Castellanos.jpg\",\"width\":690,\"height\":510},{\"@type\":\"BreadcrumbList\",\"@id\":\"https:\\\/\\\/texia.com\\\/fr\\\/communiques-de-presse\\\/le-secretaire-detat-a-lemploi-et-a-la-competitivite-albert-castellanos-visite-le-site-de-texia\\\/#breadcrumb\",\"itemListElement\":[{\"@type\":\"ListItem\",\"position\":1,\"name\":\"Portada\",\"item\":\"https:\\\/\\\/texia.com\\\/fr\\\/\"},{\"@type\":\"ListItem\",\"position\":2,\"name\":\"Le secr\u00e9taire d&#8217;\u00c9tat \u00e0 l&#8217;emploi et \u00e0 la comp\u00e9titivit\u00e9, Albert Castellanos, visite le site de TEXIA\"}]},{\"@type\":\"WebSite\",\"@id\":\"https:\\\/\\\/texia.com\\\/fr\\\/#website\",\"url\":\"https:\\\/\\\/texia.com\\\/fr\\\/\",\"name\":\"Texia\",\"description\":\"\",\"publisher\":{\"@id\":\"https:\\\/\\\/texia.com\\\/fr\\\/#organization\"},\"potentialAction\":[{\"@type\":\"SearchAction\",\"target\":{\"@type\":\"EntryPoint\",\"urlTemplate\":\"https:\\\/\\\/texia.com\\\/fr\\\/?s={search_term_string}\"},\"query-input\":{\"@type\":\"PropertyValueSpecification\",\"valueRequired\":true,\"valueName\":\"search_term_string\"}}],\"inLanguage\":\"fr-FR\"},{\"@type\":\"Organization\",\"@id\":\"https:\\\/\\\/texia.com\\\/fr\\\/#organization\",\"name\":\"Texia\",\"url\":\"https:\\\/\\\/texia.com\\\/fr\\\/\",\"logo\":{\"@type\":\"ImageObject\",\"inLanguage\":\"fr-FR\",\"@id\":\"https:\\\/\\\/texia.com\\\/fr\\\/#\\\/schema\\\/logo\\\/image\\\/\",\"url\":\"https:\\\/\\\/texia.com\\\/wp-content\\\/uploads\\\/logo-texia.png\",\"contentUrl\":\"https:\\\/\\\/texia.com\\\/wp-content\\\/uploads\\\/logo-texia.png\",\"width\":194,\"height\":59,\"caption\":\"Texia\"},\"image\":{\"@id\":\"https:\\\/\\\/texia.com\\\/fr\\\/#\\\/schema\\\/logo\\\/image\\\/\"}},{\"@type\":\"Person\",\"@id\":\"https:\\\/\\\/texia.com\\\/fr\\\/#\\\/schema\\\/person\\\/08210d0b4e76185f3f1333be4d00deb6\",\"name\":\"emfasi\",\"sameAs\":[\"http:\\\/\\\/texia.com\"],\"url\":\"https:\\\/\\\/texia.com\\\/fr\\\/author\\\/emfasi\\\/\"}]}<\/script>\n<!-- \/ Yoast SEO plugin. -->","yoast_head_json":{"title":"Le secr\u00e9taire d'\u00c9tat \u00e0 l'emploi et \u00e0 la comp\u00e9titivit\u00e9, Albert Castellanos, visite le site de TEXIA - Texia","description":"La visita institucional tamb\u00e9 ha comptat amb la pres\u00e8ncia de Maria Teresa Clotet, directora dels Serveis Territorials d'Empresa i Treball i Laura","robots":{"index":"index","follow":"follow","max-snippet":"max-snippet:-1","max-image-preview":"max-image-preview:large","max-video-preview":"max-video-preview:-1"},"canonical":"https:\/\/texia.com\/fr\/communiques-de-presse\/le-secretaire-detat-a-lemploi-et-a-la-competitivite-albert-castellanos-visite-le-site-de-texia\/","og_locale":"fr_FR","og_type":"article","og_title":"Le secr\u00e9taire d'\u00c9tat \u00e0 l'emploi et \u00e0 la comp\u00e9titivit\u00e9, Albert Castellanos, visite le site de TEXIA - Texia","og_description":"La visita institucional tamb\u00e9 ha comptat amb la pres\u00e8ncia de Maria Teresa Clotet, directora dels Serveis Territorials d'Empresa i Treball i Laura","og_url":"https:\/\/texia.com\/fr\/communiques-de-presse\/le-secretaire-detat-a-lemploi-et-a-la-competitivite-albert-castellanos-visite-le-site-de-texia\/","og_site_name":"Texia","article_published_time":"2022-03-31T13:55:22+00:00","article_modified_time":"2023-05-29T07:19:10+00:00","og_image":[{"width":690,"height":510,"url":"https:\/\/texia.com\/wp-content\/uploads\/Visita-albert-Castellanos.jpg","type":"image\/jpeg"}],"author":"emfasi","twitter_card":"summary_large_image","twitter_misc":{"\u00c9crit par":"emfasi","Dur\u00e9e de lecture estim\u00e9e":"3 minutes"},"schema":{"@context":"https:\/\/schema.org","@graph":[{"@type":"Article","@id":"https:\/\/texia.com\/fr\/communiques-de-presse\/le-secretaire-detat-a-lemploi-et-a-la-competitivite-albert-castellanos-visite-le-site-de-texia\/#article","isPartOf":{"@id":"https:\/\/texia.com\/fr\/communiques-de-presse\/le-secretaire-detat-a-lemploi-et-a-la-competitivite-albert-castellanos-visite-le-site-de-texia\/"},"author":{"name":"emfasi","@id":"https:\/\/texia.com\/fr\/#\/schema\/person\/08210d0b4e76185f3f1333be4d00deb6"},"headline":"Le secr\u00e9taire d&rsquo;\u00c9tat \u00e0 l&#8217;emploi et \u00e0 la comp\u00e9titivit\u00e9, Albert Castellanos, visite le site de TEXIA","datePublished":"2022-03-31T13:55:22+00:00","dateModified":"2023-05-29T07:19:10+00:00","mainEntityOfPage":{"@id":"https:\/\/texia.com\/fr\/communiques-de-presse\/le-secretaire-detat-a-lemploi-et-a-la-competitivite-albert-castellanos-visite-le-site-de-texia\/"},"wordCount":694,"commentCount":0,"publisher":{"@id":"https:\/\/texia.com\/fr\/#organization"},"image":{"@id":"https:\/\/texia.com\/fr\/communiques-de-presse\/le-secretaire-detat-a-lemploi-et-a-la-competitivite-albert-castellanos-visite-le-site-de-texia\/#primaryimage"},"thumbnailUrl":"https:\/\/texia.com\/wp-content\/uploads\/Visita-albert-Castellanos.jpg","articleSection":["Communiqu\u00e9s de presse"],"inLanguage":"fr-FR","potentialAction":[{"@type":"CommentAction","name":"Comment","target":["https:\/\/texia.com\/fr\/communiques-de-presse\/le-secretaire-detat-a-lemploi-et-a-la-competitivite-albert-castellanos-visite-le-site-de-texia\/#respond"]}]},{"@type":"WebPage","@id":"https:\/\/texia.com\/fr\/communiques-de-presse\/le-secretaire-detat-a-lemploi-et-a-la-competitivite-albert-castellanos-visite-le-site-de-texia\/","url":"https:\/\/texia.com\/fr\/communiques-de-presse\/le-secretaire-detat-a-lemploi-et-a-la-competitivite-albert-castellanos-visite-le-site-de-texia\/","name":"Le secr\u00e9taire d'\u00c9tat \u00e0 l'emploi et \u00e0 la comp\u00e9titivit\u00e9, Albert Castellanos, visite le site de TEXIA - Texia","isPartOf":{"@id":"https:\/\/texia.com\/fr\/#website"},"primaryImageOfPage":{"@id":"https:\/\/texia.com\/fr\/communiques-de-presse\/le-secretaire-detat-a-lemploi-et-a-la-competitivite-albert-castellanos-visite-le-site-de-texia\/#primaryimage"},"image":{"@id":"https:\/\/texia.com\/fr\/communiques-de-presse\/le-secretaire-detat-a-lemploi-et-a-la-competitivite-albert-castellanos-visite-le-site-de-texia\/#primaryimage"},"thumbnailUrl":"https:\/\/texia.com\/wp-content\/uploads\/Visita-albert-Castellanos.jpg","datePublished":"2022-03-31T13:55:22+00:00","dateModified":"2023-05-29T07:19:10+00:00","description":"La visita institucional tamb\u00e9 ha comptat amb la pres\u00e8ncia de Maria Teresa Clotet, directora dels Serveis Territorials d'Empresa i Treball i Laura","breadcrumb":{"@id":"https:\/\/texia.com\/fr\/communiques-de-presse\/le-secretaire-detat-a-lemploi-et-a-la-competitivite-albert-castellanos-visite-le-site-de-texia\/#breadcrumb"},"inLanguage":"fr-FR","potentialAction":[{"@type":"ReadAction","target":["https:\/\/texia.com\/fr\/communiques-de-presse\/le-secretaire-detat-a-lemploi-et-a-la-competitivite-albert-castellanos-visite-le-site-de-texia\/"]}]},{"@type":"ImageObject","inLanguage":"fr-FR","@id":"https:\/\/texia.com\/fr\/communiques-de-presse\/le-secretaire-detat-a-lemploi-et-a-la-competitivite-albert-castellanos-visite-le-site-de-texia\/#primaryimage","url":"https:\/\/texia.com\/wp-content\/uploads\/Visita-albert-Castellanos.jpg","contentUrl":"https:\/\/texia.com\/wp-content\/uploads\/Visita-albert-Castellanos.jpg","width":690,"height":510},{"@type":"BreadcrumbList","@id":"https:\/\/texia.com\/fr\/communiques-de-presse\/le-secretaire-detat-a-lemploi-et-a-la-competitivite-albert-castellanos-visite-le-site-de-texia\/#breadcrumb","itemListElement":[{"@type":"ListItem","position":1,"name":"Portada","item":"https:\/\/texia.com\/fr\/"},{"@type":"ListItem","position":2,"name":"Le secr\u00e9taire d&#8217;\u00c9tat \u00e0 l&#8217;emploi et \u00e0 la comp\u00e9titivit\u00e9, Albert Castellanos, visite le site de TEXIA"}]},{"@type":"WebSite","@id":"https:\/\/texia.com\/fr\/#website","url":"https:\/\/texia.com\/fr\/","name":"Texia","description":"","publisher":{"@id":"https:\/\/texia.com\/fr\/#organization"},"potentialAction":[{"@type":"SearchAction","target":{"@type":"EntryPoint","urlTemplate":"https:\/\/texia.com\/fr\/?s={search_term_string}"},"query-input":{"@type":"PropertyValueSpecification","valueRequired":true,"valueName":"search_term_string"}}],"inLanguage":"fr-FR"},{"@type":"Organization","@id":"https:\/\/texia.com\/fr\/#organization","name":"Texia","url":"https:\/\/texia.com\/fr\/","logo":{"@type":"ImageObject","inLanguage":"fr-FR","@id":"https:\/\/texia.com\/fr\/#\/schema\/logo\/image\/","url":"https:\/\/texia.com\/wp-content\/uploads\/logo-texia.png","contentUrl":"https:\/\/texia.com\/wp-content\/uploads\/logo-texia.png","width":194,"height":59,"caption":"Texia"},"image":{"@id":"https:\/\/texia.com\/fr\/#\/schema\/logo\/image\/"}},{"@type":"Person","@id":"https:\/\/texia.com\/fr\/#\/schema\/person\/08210d0b4e76185f3f1333be4d00deb6","name":"emfasi","sameAs":["http:\/\/texia.com"],"url":"https:\/\/texia.com\/fr\/author\/emfasi\/"}]}},"_links":{"self":[{"href":"https:\/\/texia.com\/fr\/wp-json\/wp\/v2\/posts\/1080","targetHints":{"allow":["GET"]}}],"collection":[{"href":"https:\/\/texia.com\/fr\/wp-json\/wp\/v2\/posts"}],"about":[{"href":"https:\/\/texia.com\/fr\/wp-json\/wp\/v2\/types\/post"}],"author":[{"embeddable":true,"href":"https:\/\/texia.com\/fr\/wp-json\/wp\/v2\/users\/1"}],"replies":[{"embeddable":true,"href":"https:\/\/texia.com\/fr\/wp-json\/wp\/v2\/comments?post=1080"}],"version-history":[{"count":0,"href":"https:\/\/texia.com\/fr\/wp-json\/wp\/v2\/posts\/1080\/revisions"}],"wp:featuredmedia":[{"embeddable":true,"href":"https:\/\/texia.com\/fr\/wp-json\/wp\/v2\/media\/1174"}],"wp:attachment":[{"href":"https:\/\/texia.com\/fr\/wp-json\/wp\/v2\/media?parent=1080"}],"wp:term":[{"taxonomy":"category","embeddable":true,"href":"https:\/\/texia.com\/fr\/wp-json\/wp\/v2\/categories?post=1080"},{"taxonomy":"post_tag","embeddable":true,"href":"https:\/\/texia.com\/fr\/wp-json\/wp\/v2\/tags?post=1080"}],"curies":[{"name":"wp","href":"https:\/\/api.w.org\/{rel}","templated":true}]}}